{"id":53657,"date":"2026-04-23T17:37:05","date_gmt":"2026-04-23T15:37:05","guid":{"rendered":"https:\/\/corporativo.eroski.es\/llancem-un-programa-formatiu-en-sostenibilitat-a-arago-amb-diversos-agents-del-sector\/"},"modified":"2026-04-24T15:01:19","modified_gmt":"2026-04-24T13:01:19","slug":"llancem-un-programa-formatiu-en-sostenibilitat-a-arago-amb-diversos-agents-del-sector","status":"publish","type":"post","link":"https:\/\/corporativo.eroski.es\/ca\/llancem-un-programa-formatiu-en-sostenibilitat-a-arago-amb-diversos-agents-del-sector\/","title":{"rendered":"Llancem un programa formatiu en sostenibilitat a arag\u00f3 amb diversos agents del sector"},"content":{"rendered":"<p><strong>Hem iniciat un programa de jornades de formaci\u00f3 en sostenibilitat adre\u00e7at als nostres prove\u00efdors d\u2019Arag\u00f3<\/strong>, en col\u00b7laboraci\u00f3 amb <a href=\"https:\/\/alimentosybebidasdearagon.es\/\" data-mce-href=\"https:\/\/alimentosybebidasdearagon.es\/\">Aliments i Begudes d\u2019Arag\u00f3<\/a> i el <a href=\"https:\/\/aragonalimentacion.com\/\" data-mce-href=\"https:\/\/aragonalimentacion.com\/\">Cl\u00faster d\u2019Alimentaci\u00f3 i Nutrici\u00f3 d\u2019Arag\u00f3<\/a>, amb l\u2019objectiu d\u2019acompanyar-los davant els nous reptes del sector.<\/p>\n<p>Al llarg del 2026, estem abordant q\u00fcestions clau com s\u00f3n el malbaratament alimentari, la petjada de carboni i d\u2019aigua, l\u2019ecodisseny d\u2019envasos o els nous requisits normatius en mat\u00e8ria ambiental, social i de governan\u00e7a. Les <strong>sessions combinen continguts pr\u00e0ctics i casos reals <\/strong>per facilitar-ne l\u2019aplicaci\u00f3 directa en les empreses.<\/p>\n<blockquote>\n<p>\u201cAquest programa de jornades neix amb la vocaci\u00f3 d\u2019acompanyar els nostres prove\u00efdors en un moment de canvis reguladors i de mercat importants.\u201d<\/p>\n<\/blockquote>\n<p>La iniciativa forma part del nostre Programa d\u2019Acompanyament a Prove\u00efdors, que, despr\u00e9s d\u2019una fase de diagn\u00f2stic amb prop de 400 empreses, ara avan\u00e7a amb accions formatives orientades a avan\u00e7ar reptes i a millorar la competitivitat.<\/p>\n<p>Aquest programa de jornades <strong>neix amb la vocaci\u00f3 d\u2019acompanyar els nostres prove\u00efdors en un moment de canvis reguladors i de mercat importants.<\/strong> El nostre objectiu \u00e9s oferir formaci\u00f3 pr\u00e0ctica i eines \u00fatils que els ajudin a anticipar-se a aquests reptes i avan\u00e7ar cap a models de producci\u00f3 m\u00e9s eficients i sostenibles.<\/p>\n","protected":false},"excerpt":{"rendered":"<p>Hem iniciat un programa de jornades de formaci\u00f3 en sostenibilitat adre\u00e7at als nostres prove\u00efdors d\u2019Arag\u00f3, en col\u00b7laboraci\u00f3 amb Aliments i Begudes d\u2019Arag\u00f3 i el Cl\u00faster d\u2019Alimentaci\u00f3 i Nutrici\u00f3 d\u2019Arag\u00f3, amb l\u2019objectiu d\u2019acompanyar-los davant els nous reptes del sector. Al llarg del 2026, estem abordant q\u00fcestions clau com s\u00f3n el malbaratament alimentari, la petjada de carboni [&hellip;]<\/p>\n","protected":false},"author":7,"featured_media":53650,"comment_status":"open","ping_status":"open","sticky":false,"template":"","format":"standard","meta":{"_acf_changed":false,"footnotes":""},"categories":[70],"tags":[],"class_list":["post-53657","post","type-post","status-publish","format-standard","has-post-thumbnail","hentry","category-actualidad-mas-cerca-de-ti-ca"],"acf":[],"yoast_head":"<!-- This site is optimized with the Yoast SEO plugin v24.5 - https:\/\/yoast.com\/wordpress\/plugins\/seo\/ -->\n<title>Llancem un programa formatiu en sostenibilitat a arag\u00f3 amb diversos agents del sector - Eroski Corporativo<\/title>\n<meta name=\"robots\" content=\"noindex, follow\" \/>\n<meta property=\"og:locale\" content=\"ca_ES\" \/>\n<meta property=\"og:type\" content=\"article\" \/>\n<meta property=\"og:title\" content=\"Llancem un programa formatiu en sostenibilitat a arag\u00f3 amb diversos agents del sector - Eroski Corporativo\" \/>\n<meta property=\"og:description\" content=\"Hem iniciat un programa de jornades de formaci\u00f3 en sostenibilitat adre\u00e7at als nostres prove\u00efdors d\u2019Arag\u00f3, en col\u00b7laboraci\u00f3 amb Aliments i Begudes d\u2019Arag\u00f3 i el Cl\u00faster d\u2019Alimentaci\u00f3 i Nutrici\u00f3 d\u2019Arag\u00f3, amb l\u2019objectiu d\u2019acompanyar-los davant els nous reptes del sector. Al llarg del 2026, estem abordant q\u00fcestions clau com s\u00f3n el malbaratament alimentari, la petjada de carboni [&hellip;]\" \/>\n<meta property=\"og:url\" content=\"https:\/\/corporativo.eroski.es\/ca\/llancem-un-programa-formatiu-en-sostenibilitat-a-arago-amb-diversos-agents-del-sector\/\" \/>\n<meta property=\"og:site_name\" content=\"Eroski Corporativo\" \/>\n<meta property=\"article:published_time\" content=\"2026-04-23T15:37:05+00:00\" \/>\n<meta property=\"article:modified_time\" content=\"2026-04-24T13:01:19+00:00\" \/>\n<meta property=\"og:image\" content=\"https:\/\/corporativo.eroski.es\/wp-content\/uploads\/2026\/04\/Diseno-sin-titulo1.jpg\" \/>\n\t<meta property=\"og:image:width\" content=\"2048\" \/>\n\t<meta property=\"og:image:height\" content=\"648\" \/>\n\t<meta property=\"og:image:type\" content=\"image\/jpeg\" \/>\n<meta name=\"author\" content=\"Mikel Acha Cortabarria\" \/>\n<meta name=\"twitter:card\" content=\"summary_large_image\" \/>\n<meta name=\"twitter:label1\" content=\"Written by\" \/>\n\t<meta name=\"twitter:data1\" content=\"Mikel Acha Cortabarria\" \/>\n\t<meta name=\"twitter:label2\" content=\"Est. reading time\" \/>\n\t<meta name=\"twitter:data2\" content=\"1 minute\" \/>\n<script type=\"application\/ld+json\" class=\"yoast-schema-graph\">{\"@context\":\"https:\/\/schema.org\",\"@graph\":[{\"@type\":\"WebPage\",\"@id\":\"https:\/\/corporativo.eroski.es\/ca\/llancem-un-programa-formatiu-en-sostenibilitat-a-arago-amb-diversos-agents-del-sector\/\",\"url\":\"https:\/\/corporativo.eroski.es\/ca\/llancem-un-programa-formatiu-en-sostenibilitat-a-arago-amb-diversos-agents-del-sector\/\",\"name\":\"Llancem un programa formatiu en sostenibilitat a arag\u00f3 amb diversos agents del sector - Eroski Corporativo\",\"isPartOf\":{\"@id\":\"https:\/\/corporativo.eroski.es\/ca\/#website\"},\"primaryImageOfPage\":{\"@id\":\"https:\/\/corporativo.eroski.es\/ca\/llancem-un-programa-formatiu-en-sostenibilitat-a-arago-amb-diversos-agents-del-sector\/#primaryimage\"},\"image\":{\"@id\":\"https:\/\/corporativo.eroski.es\/ca\/llancem-un-programa-formatiu-en-sostenibilitat-a-arago-amb-diversos-agents-del-sector\/#primaryimage\"},\"thumbnailUrl\":\"https:\/\/corporativo.eroski.es\/wp-content\/uploads\/2026\/04\/Diseno-sin-titulo1.jpg\",\"datePublished\":\"2026-04-23T15:37:05+00:00\",\"dateModified\":\"2026-04-24T13:01:19+00:00\",\"author\":{\"@id\":\"https:\/\/corporativo.eroski.es\/ca\/#\/schema\/person\/6852d7c8ab0378a4c48112fadbde462c\"},\"breadcrumb\":{\"@id\":\"https:\/\/corporativo.eroski.es\/ca\/llancem-un-programa-formatiu-en-sostenibilitat-a-arago-amb-diversos-agents-del-sector\/#breadcrumb\"},\"inLanguage\":\"ca-ES\",\"potentialAction\":[{\"@type\":\"ReadAction\",\"target\":[\"https:\/\/corporativo.eroski.es\/ca\/llancem-un-programa-formatiu-en-sostenibilitat-a-arago-amb-diversos-agents-del-sector\/\"]}]},{\"@type\":\"ImageObject\",\"inLanguage\":\"ca-ES\",\"@id\":\"https:\/\/corporativo.eroski.es\/ca\/llancem-un-programa-formatiu-en-sostenibilitat-a-arago-amb-diversos-agents-del-sector\/#primaryimage\",\"url\":\"https:\/\/corporativo.eroski.es\/wp-content\/uploads\/2026\/04\/Diseno-sin-titulo1.jpg\",\"contentUrl\":\"https:\/\/corporativo.eroski.es\/wp-content\/uploads\/2026\/04\/Diseno-sin-titulo1.jpg\",\"width\":2048,\"height\":648},{\"@type\":\"BreadcrumbList\",\"@id\":\"https:\/\/corporativo.eroski.es\/ca\/llancem-un-programa-formatiu-en-sostenibilitat-a-arago-amb-diversos-agents-del-sector\/#breadcrumb\",\"itemListElement\":[{\"@type\":\"ListItem\",\"position\":1,\"name\":\"Portada\",\"item\":\"https:\/\/corporativo.eroski.es\/ca\/\"},{\"@type\":\"ListItem\",\"position\":2,\"name\":\"Llancem un programa formatiu en sostenibilitat a arag\u00f3 amb diversos agents del sector\"}]},{\"@type\":\"WebSite\",\"@id\":\"https:\/\/corporativo.eroski.es\/ca\/#website\",\"url\":\"https:\/\/corporativo.eroski.es\/ca\/\",\"name\":\"Eroski Corporativo\",\"description\":\"\",\"potentialAction\":[{\"@type\":\"SearchAction\",\"target\":{\"@type\":\"EntryPoint\",\"urlTemplate\":\"https:\/\/corporativo.eroski.es\/ca\/?s={search_term_string}\"},\"query-input\":{\"@type\":\"PropertyValueSpecification\",\"valueRequired\":true,\"valueName\":\"search_term_string\"}}],\"inLanguage\":\"ca-ES\"},{\"@type\":\"Person\",\"@id\":\"https:\/\/corporativo.eroski.es\/ca\/#\/schema\/person\/6852d7c8ab0378a4c48112fadbde462c\",\"name\":\"Mikel Acha Cortabarria\",\"image\":{\"@type\":\"ImageObject\",\"inLanguage\":\"ca-ES\",\"@id\":\"https:\/\/corporativo.eroski.es\/ca\/#\/schema\/person\/image\/\",\"url\":\"https:\/\/secure.gravatar.com\/avatar\/f5f6df441e47d91d4d58156060da037e?s=96&d=mm&r=g\",\"contentUrl\":\"https:\/\/secure.gravatar.com\/avatar\/f5f6df441e47d91d4d58156060da037e?s=96&d=mm&r=g\",\"caption\":\"Mikel Acha Cortabarria\"}}]}<\/script>\n<!-- \/ Yoast SEO plugin. -->","yoast_head_json":{"title":"Llancem un programa formatiu en sostenibilitat a arag\u00f3 amb diversos agents del sector - Eroski Corporativo","robots":{"index":"noindex","follow":"follow"},"og_locale":"ca_ES","og_type":"article","og_title":"Llancem un programa formatiu en sostenibilitat a arag\u00f3 amb diversos agents del sector - Eroski Corporativo","og_description":"Hem iniciat un programa de jornades de formaci\u00f3 en sostenibilitat adre\u00e7at als nostres prove\u00efdors d\u2019Arag\u00f3, en col\u00b7laboraci\u00f3 amb Aliments i Begudes d\u2019Arag\u00f3 i el Cl\u00faster d\u2019Alimentaci\u00f3 i Nutrici\u00f3 d\u2019Arag\u00f3, amb l\u2019objectiu d\u2019acompanyar-los davant els nous reptes del sector. Al llarg del 2026, estem abordant q\u00fcestions clau com s\u00f3n el malbaratament alimentari, la petjada de carboni [&hellip;]","og_url":"https:\/\/corporativo.eroski.es\/ca\/llancem-un-programa-formatiu-en-sostenibilitat-a-arago-amb-diversos-agents-del-sector\/","og_site_name":"Eroski Corporativo","article_published_time":"2026-04-23T15:37:05+00:00","article_modified_time":"2026-04-24T13:01:19+00:00","og_image":[{"width":2048,"height":648,"url":"https:\/\/corporativo.eroski.es\/wp-content\/uploads\/2026\/04\/Diseno-sin-titulo1.jpg","type":"image\/jpeg"}],"author":"Mikel Acha Cortabarria","twitter_card":"summary_large_image","twitter_misc":{"Written by":"Mikel Acha Cortabarria","Est. reading time":"1 minute"},"schema":{"@context":"https:\/\/schema.org","@graph":[{"@type":"WebPage","@id":"https:\/\/corporativo.eroski.es\/ca\/llancem-un-programa-formatiu-en-sostenibilitat-a-arago-amb-diversos-agents-del-sector\/","url":"https:\/\/corporativo.eroski.es\/ca\/llancem-un-programa-formatiu-en-sostenibilitat-a-arago-amb-diversos-agents-del-sector\/","name":"Llancem un programa formatiu en sostenibilitat a arag\u00f3 amb diversos agents del sector - Eroski Corporativo","isPartOf":{"@id":"https:\/\/corporativo.eroski.es\/ca\/#website"},"primaryImageOfPage":{"@id":"https:\/\/corporativo.eroski.es\/ca\/llancem-un-programa-formatiu-en-sostenibilitat-a-arago-amb-diversos-agents-del-sector\/#primaryimage"},"image":{"@id":"https:\/\/corporativo.eroski.es\/ca\/llancem-un-programa-formatiu-en-sostenibilitat-a-arago-amb-diversos-agents-del-sector\/#primaryimage"},"thumbnailUrl":"https:\/\/corporativo.eroski.es\/wp-content\/uploads\/2026\/04\/Diseno-sin-titulo1.jpg","datePublished":"2026-04-23T15:37:05+00:00","dateModified":"2026-04-24T13:01:19+00:00","author":{"@id":"https:\/\/corporativo.eroski.es\/ca\/#\/schema\/person\/6852d7c8ab0378a4c48112fadbde462c"},"breadcrumb":{"@id":"https:\/\/corporativo.eroski.es\/ca\/llancem-un-programa-formatiu-en-sostenibilitat-a-arago-amb-diversos-agents-del-sector\/#breadcrumb"},"inLanguage":"ca-ES","potentialAction":[{"@type":"ReadAction","target":["https:\/\/corporativo.eroski.es\/ca\/llancem-un-programa-formatiu-en-sostenibilitat-a-arago-amb-diversos-agents-del-sector\/"]}]},{"@type":"ImageObject","inLanguage":"ca-ES","@id":"https:\/\/corporativo.eroski.es\/ca\/llancem-un-programa-formatiu-en-sostenibilitat-a-arago-amb-diversos-agents-del-sector\/#primaryimage","url":"https:\/\/corporativo.eroski.es\/wp-content\/uploads\/2026\/04\/Diseno-sin-titulo1.jpg","contentUrl":"https:\/\/corporativo.eroski.es\/wp-content\/uploads\/2026\/04\/Diseno-sin-titulo1.jpg","width":2048,"height":648},{"@type":"BreadcrumbList","@id":"https:\/\/corporativo.eroski.es\/ca\/llancem-un-programa-formatiu-en-sostenibilitat-a-arago-amb-diversos-agents-del-sector\/#breadcrumb","itemListElement":[{"@type":"ListItem","position":1,"name":"Portada","item":"https:\/\/corporativo.eroski.es\/ca\/"},{"@type":"ListItem","position":2,"name":"Llancem un programa formatiu en sostenibilitat a arag\u00f3 amb diversos agents del sector"}]},{"@type":"WebSite","@id":"https:\/\/corporativo.eroski.es\/ca\/#website","url":"https:\/\/corporativo.eroski.es\/ca\/","name":"Eroski Corporativo","description":"","potentialAction":[{"@type":"SearchAction","target":{"@type":"EntryPoint","urlTemplate":"https:\/\/corporativo.eroski.es\/ca\/?s={search_term_string}"},"query-input":{"@type":"PropertyValueSpecification","valueRequired":true,"valueName":"search_term_string"}}],"inLanguage":"ca-ES"},{"@type":"Person","@id":"https:\/\/corporativo.eroski.es\/ca\/#\/schema\/person\/6852d7c8ab0378a4c48112fadbde462c","name":"Mikel Acha Cortabarria","image":{"@type":"ImageObject","inLanguage":"ca-ES","@id":"https:\/\/corporativo.eroski.es\/ca\/#\/schema\/person\/image\/","url":"https:\/\/secure.gravatar.com\/avatar\/f5f6df441e47d91d4d58156060da037e?s=96&d=mm&r=g","contentUrl":"https:\/\/secure.gravatar.com\/avatar\/f5f6df441e47d91d4d58156060da037e?s=96&d=mm&r=g","caption":"Mikel Acha Cortabarria"}}]}},"_links":{"self":[{"href":"https:\/\/corporativo.eroski.es\/ca\/wp-json\/wp\/v2\/posts\/53657","targetHints":{"allow":["GET"]}}],"collection":[{"href":"https:\/\/corporativo.eroski.es\/ca\/wp-json\/wp\/v2\/posts"}],"about":[{"href":"https:\/\/corporativo.eroski.es\/ca\/wp-json\/wp\/v2\/types\/post"}],"author":[{"embeddable":true,"href":"https:\/\/corporativo.eroski.es\/ca\/wp-json\/wp\/v2\/users\/7"}],"replies":[{"embeddable":true,"href":"https:\/\/corporativo.eroski.es\/ca\/wp-json\/wp\/v2\/comments?post=53657"}],"version-history":[{"count":2,"href":"https:\/\/corporativo.eroski.es\/ca\/wp-json\/wp\/v2\/posts\/53657\/revisions"}],"predecessor-version":[{"id":53698,"href":"https:\/\/corporativo.eroski.es\/ca\/wp-json\/wp\/v2\/posts\/53657\/revisions\/53698"}],"wp:featuredmedia":[{"embeddable":true,"href":"https:\/\/corporativo.eroski.es\/ca\/wp-json\/wp\/v2\/media\/53650"}],"wp:attachment":[{"href":"https:\/\/corporativo.eroski.es\/ca\/wp-json\/wp\/v2\/media?parent=53657"}],"wp:term":[{"taxonomy":"category","embeddable":true,"href":"https:\/\/corporativo.eroski.es\/ca\/wp-json\/wp\/v2\/categories?post=53657"},{"taxonomy":"post_tag","embeddable":true,"href":"https:\/\/corporativo.eroski.es\/ca\/wp-json\/wp\/v2\/tags?post=53657"}],"curies":[{"name":"wp","href":"https:\/\/api.w.org\/{rel}","templated":true}]}}